{"id":27,"date":"2025-07-24T19:35:18","date_gmt":"2025-07-24T17:35:18","guid":{"rendered":"https:\/\/guitarraflamenca.org\/blog\/?p=27"},"modified":"2025-07-24T19:35:19","modified_gmt":"2025-07-24T17:35:19","slug":"la-eleccion-de-la-guitarra-flamenca","status":"publish","type":"post","link":"https:\/\/guitarraflamenca.org\/blog\/2025\/07\/24\/la-eleccion-de-la-guitarra-flamenca\/","title":{"rendered":"La elecci\u00f3n de la guitarra flamenca"},"content":{"rendered":"\n<p>Elegir una guitarra flamenca es casi como elegir un compa\u00f1ero de viaje: no se trata solo de que \u201csuene bien\u201d, sino de que te sientas identificado con ella y que te invite a tocar. Te resumo c\u00f3mo suele hacerse este proceso cuando uno busca \u201cla guitarra que se queda contigo\u201d:<\/p>\n\n\n\n<hr class=\"wp-block-separator has-alpha-channel-opacity\"\/>\n\n\n\n<h3 class=\"wp-block-heading\"><strong>1. Sentirte c\u00f3modo primero<\/strong><\/h3>\n\n\n\n<ul class=\"wp-block-list\">\n<li><strong>Postura y tama\u00f1o<\/strong>: Si\u00e9ntate con ella como si estuvieras en tu casa tocando. Una buena flamenca debe ser ligera (en torno a 1,2\u20131,5 kg), con caja fina y m\u00e1stil c\u00f3modo. Si te cansas o te incomoda, por muy buena que sea, no es tu guitarra.<\/li>\n\n\n\n<li><strong>Acci\u00f3n de cuerdas<\/strong>: En flamenco, la acci\u00f3n baja (3\u20133,2 mm en el traste 12) facilita rasgueos y picados r\u00e1pidos. Si te cuesta pulsar o te trastea demasiado, no hay comodidad.<\/li>\n<\/ul>\n\n\n\n<hr class=\"wp-block-separator has-alpha-channel-opacity\"\/>\n\n\n\n<h3 class=\"wp-block-heading\"><strong>2. Que te invite a tocar<\/strong><\/h3>\n\n\n\n<ul class=\"wp-block-list\">\n<li><strong>Respuesta inmediata<\/strong>: Una buena flamenca \u201cresponde\u201d r\u00e1pido: el sonido sale sin esfuerzo, sobre todo en picado y alzap\u00faa.<\/li>\n\n\n\n<li><strong>Proyecci\u00f3n y matiz<\/strong>: Que puedas tocar bajito en una falseta \u00edntima y que cuando ataques fuerte te d\u00e9 esa pegada flamenca sin perder limpieza.<\/li>\n\n\n\n<li><strong>Que te enamore<\/strong>: Si empiezas a probar falsetas, te pierdes tocando y no piensas en devolverla al soporte, esa guitarra habla tu idioma.<\/li>\n<\/ul>\n\n\n\n<hr class=\"wp-block-separator has-alpha-channel-opacity\"\/>\n\n\n\n<h3 class=\"wp-block-heading\"><strong>3. La elecci\u00f3n de maderas<\/strong><\/h3>\n\n\n\n<ul class=\"wp-block-list\">\n<li><strong>Tapa<\/strong>: Casi siempre <strong>abeto alem\u00e1n<\/strong> (m\u00e1s brillo y ataque) o <strong>cedro<\/strong> (m\u00e1s c\u00e1lido y lleno). Para flamenco tradicional, abeto es lo habitual.<\/li>\n\n\n\n<li><strong>Aros y fondo<\/strong>: <strong>Cipr\u00e9s espa\u00f1ol<\/strong> si buscas el sonido flamenco cl\u00e1sico: seco, r\u00e1pido, con \u201cquej\u00edo\u201d. Si quieres una flamenca m\u00e1s \u201cmoderna\u201d y cercana a la cl\u00e1sica, el <strong>palosanto<\/strong> aporta m\u00e1s graves y sustain.<\/li>\n\n\n\n<li><strong>M\u00e1stil y diapas\u00f3n<\/strong>: Cedro en m\u00e1stil (por ligereza) y \u00e9bano en diapas\u00f3n por resistencia.<\/li>\n<\/ul>\n\n\n\n<hr class=\"wp-block-separator has-alpha-channel-opacity\"\/>\n\n\n\n<h3 class=\"wp-block-heading\"><strong>4. Un buen constructor (luthier)<\/strong><\/h3>\n\n\n\n<ul class=\"wp-block-list\">\n<li><strong>Que entienda tu toque<\/strong>: No todos los luthieres hacen flamencas \u201cde verdad\u201d. Un buen constructor escucha c\u00f3mo tocas y ajusta medidas, acci\u00f3n y respuesta seg\u00fan ti.<\/li>\n\n\n\n<li><strong>Relaci\u00f3n personal<\/strong>: Es importante que te \u201cquiera\u201d como cliente, que le interese lo que buscas, que te permita probar y ajustar sin prisas. Muchos guitarreros grandes afinan detalles despu\u00e9s de la entrega si hace falta.<\/li>\n<\/ul>\n\n\n\n<hr class=\"wp-block-separator has-alpha-channel-opacity\"\/>\n\n\n\n<h3 class=\"wp-block-heading\"><strong>5. La conexi\u00f3n emocional<\/strong><\/h3>\n\n\n\n<ul class=\"wp-block-list\">\n<li><strong>Que la necesites<\/strong>: Cuando tocas y piensas \u201cesta guitarra me hace tocar mejor\u201d, es la correcta.<\/li>\n\n\n\n<li><strong>Que sea tu voz<\/strong>: Si al tocarla reconoces tu propio estilo y ella te lo devuelve amplificado, esa es tu compa\u00f1era.<\/li>\n<\/ul>\n","protected":false},"excerpt":{"rendered":"<p>Elegir una guitarra flamenca es casi como elegir un compa\u00f1ero de viaje: no se trata solo de que \u201csuene bien\u201d, sino de que te sientas identificado con ella y que te invite a tocar. Te resumo c\u00f3mo suele hacerse este proceso cuando uno busca \u201cla guitarra que se queda contigo\u201d: 1. Sentirte c\u00f3modo primero 2. &#8230; <a title=\"La elecci\u00f3n de la guitarra flamenca\" class=\"read-more\" href=\"https:\/\/guitarraflamenca.org\/blog\/2025\/07\/24\/la-eleccion-de-la-guitarra-flamenca\/\" aria-label=\"Leer m\u00e1s sobre La elecci\u00f3n de la guitarra flamenca\">Leer m\u00e1s<\/a><\/p>\n","protected":false},"author":1,"featured_media":0,"comment_status":"open","ping_status":"open","sticky":false,"template":"","format":"standard","meta":{"footnotes":""},"categories":[1],"tags":[],"class_list":["post-27","post","type-post","status-publish","format-standard","hentry","category-consejos"],"yoast_head":"<!-- This site is optimized with the Yoast SEO plugin v26.0 - https:\/\/yoast.com\/wordpress\/plugins\/seo\/ -->\n<title>La elecci\u00f3n de la guitarra flamenca - Guitarra Flamenca<\/title>\n<meta name=\"robots\" content=\"index, follow, max-snippet:-1, max-image-preview:large, max-video-preview:-1\" \/>\n<link rel=\"canonical\" href=\"https:\/\/guitarraflamenca.org\/blog\/2025\/07\/24\/la-eleccion-de-la-guitarra-flamenca\/\" \/>\n<meta property=\"og:locale\" content=\"es_ES\" \/>\n<meta property=\"og:type\" content=\"article\" \/>\n<meta property=\"og:title\" content=\"La elecci\u00f3n de la guitarra flamenca - Guitarra Flamenca\" \/>\n<meta property=\"og:description\" content=\"Elegir una guitarra flamenca es casi como elegir un compa\u00f1ero de viaje: no se trata solo de que \u201csuene bien\u201d, sino de que te sientas identificado con ella y que te invite a tocar. Te resumo c\u00f3mo suele hacerse este proceso cuando uno busca \u201cla guitarra que se queda contigo\u201d: 1. Sentirte c\u00f3modo primero 2. ... Leer m\u00e1s\" \/>\n<meta property=\"og:url\" content=\"https:\/\/guitarraflamenca.org\/blog\/2025\/07\/24\/la-eleccion-de-la-guitarra-flamenca\/\" \/>\n<meta property=\"og:site_name\" content=\"Guitarra Flamenca\" \/>\n<meta property=\"article:published_time\" content=\"2025-07-24T17:35:18+00:00\" \/>\n<meta property=\"article:modified_time\" content=\"2025-07-24T17:35:19+00:00\" \/>\n<meta name=\"author\" content=\"Administrador\" \/>\n<meta name=\"twitter:card\" content=\"summary_large_image\" \/>\n<meta name=\"twitter:label1\" content=\"Escrito por\" \/>\n\t<meta name=\"twitter:data1\" content=\"Administrador\" \/>\n\t<meta name=\"twitter:label2\" content=\"Tiempo de lectura\" \/>\n\t<meta name=\"twitter:data2\" content=\"2 minutos\" \/>\n<script type=\"application\/ld+json\" class=\"yoast-schema-graph\">{\"@context\":\"https:\/\/schema.org\",\"@graph\":[{\"@type\":\"Article\",\"@id\":\"https:\/\/guitarraflamenca.org\/blog\/2025\/07\/24\/la-eleccion-de-la-guitarra-flamenca\/#article\",\"isPartOf\":{\"@id\":\"https:\/\/guitarraflamenca.org\/blog\/2025\/07\/24\/la-eleccion-de-la-guitarra-flamenca\/\"},\"author\":{\"name\":\"Administrador\",\"@id\":\"https:\/\/guitarraflamenca.org\/blog\/#\/schema\/person\/f9cfa57b9c6d3b78246f6019a8b8aece\"},\"headline\":\"La elecci\u00f3n de la guitarra flamenca\",\"datePublished\":\"2025-07-24T17:35:18+00:00\",\"dateModified\":\"2025-07-24T17:35:19+00:00\",\"mainEntityOfPage\":{\"@id\":\"https:\/\/guitarraflamenca.org\/blog\/2025\/07\/24\/la-eleccion-de-la-guitarra-flamenca\/\"},\"wordCount\":417,\"commentCount\":0,\"publisher\":{\"@id\":\"https:\/\/guitarraflamenca.org\/blog\/#organization\"},\"articleSection\":[\"Consejos\"],\"inLanguage\":\"es\",\"potentialAction\":[{\"@type\":\"CommentAction\",\"name\":\"Comment\",\"target\":[\"https:\/\/guitarraflamenca.org\/blog\/2025\/07\/24\/la-eleccion-de-la-guitarra-flamenca\/#respond\"]}]},{\"@type\":\"WebPage\",\"@id\":\"https:\/\/guitarraflamenca.org\/blog\/2025\/07\/24\/la-eleccion-de-la-guitarra-flamenca\/\",\"url\":\"https:\/\/guitarraflamenca.org\/blog\/2025\/07\/24\/la-eleccion-de-la-guitarra-flamenca\/\",\"name\":\"La elecci\u00f3n de la guitarra flamenca - Guitarra Flamenca\",\"isPartOf\":{\"@id\":\"https:\/\/guitarraflamenca.org\/blog\/#website\"},\"datePublished\":\"2025-07-24T17:35:18+00:00\",\"dateModified\":\"2025-07-24T17:35:19+00:00\",\"breadcrumb\":{\"@id\":\"https:\/\/guitarraflamenca.org\/blog\/2025\/07\/24\/la-eleccion-de-la-guitarra-flamenca\/#breadcrumb\"},\"inLanguage\":\"es\",\"potentialAction\":[{\"@type\":\"ReadAction\",\"target\":[\"https:\/\/guitarraflamenca.org\/blog\/2025\/07\/24\/la-eleccion-de-la-guitarra-flamenca\/\"]}]},{\"@type\":\"BreadcrumbList\",\"@id\":\"https:\/\/guitarraflamenca.org\/blog\/2025\/07\/24\/la-eleccion-de-la-guitarra-flamenca\/#breadcrumb\",\"itemListElement\":[{\"@type\":\"ListItem\",\"position\":1,\"name\":\"Portada\",\"item\":\"https:\/\/guitarraflamenca.org\/blog\/\"},{\"@type\":\"ListItem\",\"position\":2,\"name\":\"La elecci\u00f3n de la guitarra flamenca\"}]},{\"@type\":\"WebSite\",\"@id\":\"https:\/\/guitarraflamenca.org\/blog\/#website\",\"url\":\"https:\/\/guitarraflamenca.org\/blog\/\",\"name\":\"Guitarra Flamenca\",\"description\":\"\",\"publisher\":{\"@id\":\"https:\/\/guitarraflamenca.org\/blog\/#organization\"},\"potentialAction\":[{\"@type\":\"SearchAction\",\"target\":{\"@type\":\"EntryPoint\",\"urlTemplate\":\"https:\/\/guitarraflamenca.org\/blog\/?s={search_term_string}\"},\"query-input\":{\"@type\":\"PropertyValueSpecification\",\"valueRequired\":true,\"valueName\":\"search_term_string\"}}],\"inLanguage\":\"es\"},{\"@type\":\"Organization\",\"@id\":\"https:\/\/guitarraflamenca.org\/blog\/#organization\",\"name\":\"Guitarra Flamenca\",\"url\":\"https:\/\/guitarraflamenca.org\/blog\/\",\"logo\":{\"@type\":\"ImageObject\",\"inLanguage\":\"es\",\"@id\":\"https:\/\/guitarraflamenca.org\/blog\/#\/schema\/logo\/image\/\",\"url\":\"https:\/\/guitarraflamenca.org\/blog\/wp-content\/uploads\/2025\/07\/condeparanoticia.webp\",\"contentUrl\":\"https:\/\/guitarraflamenca.org\/blog\/wp-content\/uploads\/2025\/07\/condeparanoticia.webp\",\"width\":696,\"height\":522,\"caption\":\"Guitarra Flamenca\"},\"image\":{\"@id\":\"https:\/\/guitarraflamenca.org\/blog\/#\/schema\/logo\/image\/\"}},{\"@type\":\"Person\",\"@id\":\"https:\/\/guitarraflamenca.org\/blog\/#\/schema\/person\/f9cfa57b9c6d3b78246f6019a8b8aece\",\"name\":\"Administrador\",\"image\":{\"@type\":\"ImageObject\",\"inLanguage\":\"es\",\"@id\":\"https:\/\/guitarraflamenca.org\/blog\/#\/schema\/person\/image\/\",\"url\":\"https:\/\/secure.gravatar.com\/avatar\/06d7cd01c7842e004ed52b7971d7c516debefd5c3d588e5be721da66a155a163?s=96&d=mm&r=g\",\"contentUrl\":\"https:\/\/secure.gravatar.com\/avatar\/06d7cd01c7842e004ed52b7971d7c516debefd5c3d588e5be721da66a155a163?s=96&d=mm&r=g\",\"caption\":\"Administrador\"},\"sameAs\":[\"https:\/\/guitarraflamenca.org\/blog\"],\"url\":\"https:\/\/guitarraflamenca.org\/blog\/author\/jsalesneurocirugia-com\/\"}]}<\/script>\n<!-- \/ Yoast SEO plugin. -->","yoast_head_json":{"title":"La elecci\u00f3n de la guitarra flamenca - Guitarra Flamenca","robots":{"index":"index","follow":"follow","max-snippet":"max-snippet:-1","max-image-preview":"max-image-preview:large","max-video-preview":"max-video-preview:-1"},"canonical":"https:\/\/guitarraflamenca.org\/blog\/2025\/07\/24\/la-eleccion-de-la-guitarra-flamenca\/","og_locale":"es_ES","og_type":"article","og_title":"La elecci\u00f3n de la guitarra flamenca - Guitarra Flamenca","og_description":"Elegir una guitarra flamenca es casi como elegir un compa\u00f1ero de viaje: no se trata solo de que \u201csuene bien\u201d, sino de que te sientas identificado con ella y que te invite a tocar. Te resumo c\u00f3mo suele hacerse este proceso cuando uno busca \u201cla guitarra que se queda contigo\u201d: 1. Sentirte c\u00f3modo primero 2. ... Leer m\u00e1s","og_url":"https:\/\/guitarraflamenca.org\/blog\/2025\/07\/24\/la-eleccion-de-la-guitarra-flamenca\/","og_site_name":"Guitarra Flamenca","article_published_time":"2025-07-24T17:35:18+00:00","article_modified_time":"2025-07-24T17:35:19+00:00","author":"Administrador","twitter_card":"summary_large_image","twitter_misc":{"Escrito por":"Administrador","Tiempo de lectura":"2 minutos"},"schema":{"@context":"https:\/\/schema.org","@graph":[{"@type":"Article","@id":"https:\/\/guitarraflamenca.org\/blog\/2025\/07\/24\/la-eleccion-de-la-guitarra-flamenca\/#article","isPartOf":{"@id":"https:\/\/guitarraflamenca.org\/blog\/2025\/07\/24\/la-eleccion-de-la-guitarra-flamenca\/"},"author":{"name":"Administrador","@id":"https:\/\/guitarraflamenca.org\/blog\/#\/schema\/person\/f9cfa57b9c6d3b78246f6019a8b8aece"},"headline":"La elecci\u00f3n de la guitarra flamenca","datePublished":"2025-07-24T17:35:18+00:00","dateModified":"2025-07-24T17:35:19+00:00","mainEntityOfPage":{"@id":"https:\/\/guitarraflamenca.org\/blog\/2025\/07\/24\/la-eleccion-de-la-guitarra-flamenca\/"},"wordCount":417,"commentCount":0,"publisher":{"@id":"https:\/\/guitarraflamenca.org\/blog\/#organization"},"articleSection":["Consejos"],"inLanguage":"es","potentialAction":[{"@type":"CommentAction","name":"Comment","target":["https:\/\/guitarraflamenca.org\/blog\/2025\/07\/24\/la-eleccion-de-la-guitarra-flamenca\/#respond"]}]},{"@type":"WebPage","@id":"https:\/\/guitarraflamenca.org\/blog\/2025\/07\/24\/la-eleccion-de-la-guitarra-flamenca\/","url":"https:\/\/guitarraflamenca.org\/blog\/2025\/07\/24\/la-eleccion-de-la-guitarra-flamenca\/","name":"La elecci\u00f3n de la guitarra flamenca - Guitarra Flamenca","isPartOf":{"@id":"https:\/\/guitarraflamenca.org\/blog\/#website"},"datePublished":"2025-07-24T17:35:18+00:00","dateModified":"2025-07-24T17:35:19+00:00","breadcrumb":{"@id":"https:\/\/guitarraflamenca.org\/blog\/2025\/07\/24\/la-eleccion-de-la-guitarra-flamenca\/#breadcrumb"},"inLanguage":"es","potentialAction":[{"@type":"ReadAction","target":["https:\/\/guitarraflamenca.org\/blog\/2025\/07\/24\/la-eleccion-de-la-guitarra-flamenca\/"]}]},{"@type":"BreadcrumbList","@id":"https:\/\/guitarraflamenca.org\/blog\/2025\/07\/24\/la-eleccion-de-la-guitarra-flamenca\/#breadcrumb","itemListElement":[{"@type":"ListItem","position":1,"name":"Portada","item":"https:\/\/guitarraflamenca.org\/blog\/"},{"@type":"ListItem","position":2,"name":"La elecci\u00f3n de la guitarra flamenca"}]},{"@type":"WebSite","@id":"https:\/\/guitarraflamenca.org\/blog\/#website","url":"https:\/\/guitarraflamenca.org\/blog\/","name":"Guitarra Flamenca","description":"","publisher":{"@id":"https:\/\/guitarraflamenca.org\/blog\/#organization"},"potentialAction":[{"@type":"SearchAction","target":{"@type":"EntryPoint","urlTemplate":"https:\/\/guitarraflamenca.org\/blog\/?s={search_term_string}"},"query-input":{"@type":"PropertyValueSpecification","valueRequired":true,"valueName":"search_term_string"}}],"inLanguage":"es"},{"@type":"Organization","@id":"https:\/\/guitarraflamenca.org\/blog\/#organization","name":"Guitarra Flamenca","url":"https:\/\/guitarraflamenca.org\/blog\/","logo":{"@type":"ImageObject","inLanguage":"es","@id":"https:\/\/guitarraflamenca.org\/blog\/#\/schema\/logo\/image\/","url":"https:\/\/guitarraflamenca.org\/blog\/wp-content\/uploads\/2025\/07\/condeparanoticia.webp","contentUrl":"https:\/\/guitarraflamenca.org\/blog\/wp-content\/uploads\/2025\/07\/condeparanoticia.webp","width":696,"height":522,"caption":"Guitarra Flamenca"},"image":{"@id":"https:\/\/guitarraflamenca.org\/blog\/#\/schema\/logo\/image\/"}},{"@type":"Person","@id":"https:\/\/guitarraflamenca.org\/blog\/#\/schema\/person\/f9cfa57b9c6d3b78246f6019a8b8aece","name":"Administrador","image":{"@type":"ImageObject","inLanguage":"es","@id":"https:\/\/guitarraflamenca.org\/blog\/#\/schema\/person\/image\/","url":"https:\/\/secure.gravatar.com\/avatar\/06d7cd01c7842e004ed52b7971d7c516debefd5c3d588e5be721da66a155a163?s=96&d=mm&r=g","contentUrl":"https:\/\/secure.gravatar.com\/avatar\/06d7cd01c7842e004ed52b7971d7c516debefd5c3d588e5be721da66a155a163?s=96&d=mm&r=g","caption":"Administrador"},"sameAs":["https:\/\/guitarraflamenca.org\/blog"],"url":"https:\/\/guitarraflamenca.org\/blog\/author\/jsalesneurocirugia-com\/"}]}},"_links":{"self":[{"href":"https:\/\/guitarraflamenca.org\/blog\/wp-json\/wp\/v2\/posts\/27","targetHints":{"allow":["GET"]}}],"collection":[{"href":"https:\/\/guitarraflamenca.org\/blog\/wp-json\/wp\/v2\/posts"}],"about":[{"href":"https:\/\/guitarraflamenca.org\/blog\/wp-json\/wp\/v2\/types\/post"}],"author":[{"embeddable":true,"href":"https:\/\/guitarraflamenca.org\/blog\/wp-json\/wp\/v2\/users\/1"}],"replies":[{"embeddable":true,"href":"https:\/\/guitarraflamenca.org\/blog\/wp-json\/wp\/v2\/comments?post=27"}],"version-history":[{"count":1,"href":"https:\/\/guitarraflamenca.org\/blog\/wp-json\/wp\/v2\/posts\/27\/revisions"}],"predecessor-version":[{"id":28,"href":"https:\/\/guitarraflamenca.org\/blog\/wp-json\/wp\/v2\/posts\/27\/revisions\/28"}],"wp:attachment":[{"href":"https:\/\/guitarraflamenca.org\/blog\/wp-json\/wp\/v2\/media?parent=27"}],"wp:term":[{"taxonomy":"category","embeddable":true,"href":"https:\/\/guitarraflamenca.org\/blog\/wp-json\/wp\/v2\/categories?post=27"},{"taxonomy":"post_tag","embeddable":true,"href":"https:\/\/guitarraflamenca.org\/blog\/wp-json\/wp\/v2\/tags?post=27"}],"curies":[{"name":"wp","href":"https:\/\/api.w.org\/{rel}","templated":true}]}}