{"id":19,"date":"2025-07-21T06:40:19","date_gmt":"2025-07-21T04:40:19","guid":{"rendered":"https:\/\/guitarraflamenca.org\/blog\/?p=19"},"modified":"2025-07-24T19:36:02","modified_gmt":"2025-07-24T17:36:02","slug":"si-la-guitarra-no-esta-afinada-no-hay-arte-que-valga","status":"publish","type":"post","link":"https:\/\/guitarraflamenca.org\/blog\/2025\/07\/21\/si-la-guitarra-no-esta-afinada-no-hay-arte-que-valga\/","title":{"rendered":"Si la guitarra no est\u00e1 afinada, no hay arte que valga."},"content":{"rendered":"<p data-start=\"115\" data-end=\"441\">La afinaci\u00f3n no es un detalle t\u00e9cnico: es el alma de la guitarra. Puedes tener los dedos m\u00e1s r\u00e1pidos del mundo, pero si las cuerdas no est\u00e1n en su sitio, todo se convierte en ruido. Y en el flamenco, donde cada matiz, cada lamento, cada rasgueo lleva una emoci\u00f3n, una historia, una pena o una alegr\u00eda\u2026 la afinaci\u00f3n es sagrada.<\/p>\n<p data-start=\"443\" data-end=\"728\">Para el concierto. No importa lo que piense el p\u00fablico, lo que piense el cr\u00edtico o el empresario. Si\u00a0 el sonido no es limpio, verdadero, entonces no puedos tocar con el coraz\u00f3n. Y si no tocas con el coraz\u00f3n, mejor no toques.<\/p>\n<p data-start=\"730\" data-end=\"856\">La guitarra es como un caballo salvaje. Si no la domas desde la afinaci\u00f3n, te lleva a donde ella quiere, no a donde t\u00fa sue\u00f1as.<\/p>\n<p data-start=\"858\" data-end=\"925\" data-is-last-node=\"\" data-is-only-node=\"\">As\u00ed que afina. Siempre. Y no s\u00f3lo con el o\u00eddo\u2026 tambi\u00e9n con el alma.<\/p>\n","protected":false},"excerpt":{"rendered":"<p>La afinaci\u00f3n no es un detalle t\u00e9cnico: es el alma de la guitarra. Puedes tener los dedos m\u00e1s r\u00e1pidos del mundo, pero si las cuerdas no est\u00e1n en su sitio, todo se convierte en ruido. Y en el flamenco, donde cada matiz, cada lamento, cada rasgueo lleva una emoci\u00f3n, una historia, una pena o una &#8230; <a title=\"Si la guitarra no est\u00e1 afinada, no hay arte que valga.\" class=\"read-more\" href=\"https:\/\/guitarraflamenca.org\/blog\/2025\/07\/21\/si-la-guitarra-no-esta-afinada-no-hay-arte-que-valga\/\" aria-label=\"Leer m\u00e1s sobre Si la guitarra no est\u00e1 afinada, no hay arte que valga.\">Leer m\u00e1s<\/a><\/p>\n","protected":false},"author":1,"featured_media":0,"comment_status":"open","ping_status":"open","sticky":false,"template":"","format":"standard","meta":{"footnotes":""},"categories":[1],"tags":[],"class_list":["post-19","post","type-post","status-publish","format-standard","hentry","category-consejos"],"yoast_head":"<!-- This site is optimized with the Yoast SEO plugin v26.0 - https:\/\/yoast.com\/wordpress\/plugins\/seo\/ -->\n<title>Si la guitarra no est\u00e1 afinada, no hay arte que valga. - Guitarra Flamenca<\/title>\n<meta name=\"robots\" content=\"index, follow, max-snippet:-1, max-image-preview:large, max-video-preview:-1\" \/>\n<link rel=\"canonical\" href=\"https:\/\/guitarraflamenca.org\/blog\/2025\/07\/21\/si-la-guitarra-no-esta-afinada-no-hay-arte-que-valga\/\" \/>\n<meta property=\"og:locale\" content=\"es_ES\" \/>\n<meta property=\"og:type\" content=\"article\" \/>\n<meta property=\"og:title\" content=\"Si la guitarra no est\u00e1 afinada, no hay arte que valga. - Guitarra Flamenca\" \/>\n<meta property=\"og:description\" content=\"La afinaci\u00f3n no es un detalle t\u00e9cnico: es el alma de la guitarra. Puedes tener los dedos m\u00e1s r\u00e1pidos del mundo, pero si las cuerdas no est\u00e1n en su sitio, todo se convierte en ruido. Y en el flamenco, donde cada matiz, cada lamento, cada rasgueo lleva una emoci\u00f3n, una historia, una pena o una ... Leer m\u00e1s\" \/>\n<meta property=\"og:url\" content=\"https:\/\/guitarraflamenca.org\/blog\/2025\/07\/21\/si-la-guitarra-no-esta-afinada-no-hay-arte-que-valga\/\" \/>\n<meta property=\"og:site_name\" content=\"Guitarra Flamenca\" \/>\n<meta property=\"article:published_time\" content=\"2025-07-21T04:40:19+00:00\" \/>\n<meta property=\"article:modified_time\" content=\"2025-07-24T17:36:02+00:00\" \/>\n<meta name=\"author\" content=\"Administrador\" \/>\n<meta name=\"twitter:card\" content=\"summary_large_image\" \/>\n<meta name=\"twitter:label1\" content=\"Escrito por\" \/>\n\t<meta name=\"twitter:data1\" content=\"Administrador\" \/>\n\t<meta name=\"twitter:label2\" content=\"Tiempo de lectura\" \/>\n\t<meta name=\"twitter:data2\" content=\"1 minuto\" \/>\n<script type=\"application\/ld+json\" class=\"yoast-schema-graph\">{\"@context\":\"https:\/\/schema.org\",\"@graph\":[{\"@type\":\"Article\",\"@id\":\"https:\/\/guitarraflamenca.org\/blog\/2025\/07\/21\/si-la-guitarra-no-esta-afinada-no-hay-arte-que-valga\/#article\",\"isPartOf\":{\"@id\":\"https:\/\/guitarraflamenca.org\/blog\/2025\/07\/21\/si-la-guitarra-no-esta-afinada-no-hay-arte-que-valga\/\"},\"author\":{\"name\":\"Administrador\",\"@id\":\"https:\/\/guitarraflamenca.org\/blog\/#\/schema\/person\/f9cfa57b9c6d3b78246f6019a8b8aece\"},\"headline\":\"Si la guitarra no est\u00e1 afinada, no hay arte que valga.\",\"datePublished\":\"2025-07-21T04:40:19+00:00\",\"dateModified\":\"2025-07-24T17:36:02+00:00\",\"mainEntityOfPage\":{\"@id\":\"https:\/\/guitarraflamenca.org\/blog\/2025\/07\/21\/si-la-guitarra-no-esta-afinada-no-hay-arte-que-valga\/\"},\"wordCount\":169,\"commentCount\":0,\"publisher\":{\"@id\":\"https:\/\/guitarraflamenca.org\/blog\/#organization\"},\"articleSection\":[\"Consejos\"],\"inLanguage\":\"es\",\"potentialAction\":[{\"@type\":\"CommentAction\",\"name\":\"Comment\",\"target\":[\"https:\/\/guitarraflamenca.org\/blog\/2025\/07\/21\/si-la-guitarra-no-esta-afinada-no-hay-arte-que-valga\/#respond\"]}]},{\"@type\":\"WebPage\",\"@id\":\"https:\/\/guitarraflamenca.org\/blog\/2025\/07\/21\/si-la-guitarra-no-esta-afinada-no-hay-arte-que-valga\/\",\"url\":\"https:\/\/guitarraflamenca.org\/blog\/2025\/07\/21\/si-la-guitarra-no-esta-afinada-no-hay-arte-que-valga\/\",\"name\":\"Si la guitarra no est\u00e1 afinada, no hay arte que valga. - Guitarra Flamenca\",\"isPartOf\":{\"@id\":\"https:\/\/guitarraflamenca.org\/blog\/#website\"},\"datePublished\":\"2025-07-21T04:40:19+00:00\",\"dateModified\":\"2025-07-24T17:36:02+00:00\",\"breadcrumb\":{\"@id\":\"https:\/\/guitarraflamenca.org\/blog\/2025\/07\/21\/si-la-guitarra-no-esta-afinada-no-hay-arte-que-valga\/#breadcrumb\"},\"inLanguage\":\"es\",\"potentialAction\":[{\"@type\":\"ReadAction\",\"target\":[\"https:\/\/guitarraflamenca.org\/blog\/2025\/07\/21\/si-la-guitarra-no-esta-afinada-no-hay-arte-que-valga\/\"]}]},{\"@type\":\"BreadcrumbList\",\"@id\":\"https:\/\/guitarraflamenca.org\/blog\/2025\/07\/21\/si-la-guitarra-no-esta-afinada-no-hay-arte-que-valga\/#breadcrumb\",\"itemListElement\":[{\"@type\":\"ListItem\",\"position\":1,\"name\":\"Portada\",\"item\":\"https:\/\/guitarraflamenca.org\/blog\/\"},{\"@type\":\"ListItem\",\"position\":2,\"name\":\"Si la guitarra no est\u00e1 afinada, no hay arte que valga.\"}]},{\"@type\":\"WebSite\",\"@id\":\"https:\/\/guitarraflamenca.org\/blog\/#website\",\"url\":\"https:\/\/guitarraflamenca.org\/blog\/\",\"name\":\"Guitarra Flamenca\",\"description\":\"\",\"publisher\":{\"@id\":\"https:\/\/guitarraflamenca.org\/blog\/#organization\"},\"potentialAction\":[{\"@type\":\"SearchAction\",\"target\":{\"@type\":\"EntryPoint\",\"urlTemplate\":\"https:\/\/guitarraflamenca.org\/blog\/?s={search_term_string}\"},\"query-input\":{\"@type\":\"PropertyValueSpecification\",\"valueRequired\":true,\"valueName\":\"search_term_string\"}}],\"inLanguage\":\"es\"},{\"@type\":\"Organization\",\"@id\":\"https:\/\/guitarraflamenca.org\/blog\/#organization\",\"name\":\"Guitarra Flamenca\",\"url\":\"https:\/\/guitarraflamenca.org\/blog\/\",\"logo\":{\"@type\":\"ImageObject\",\"inLanguage\":\"es\",\"@id\":\"https:\/\/guitarraflamenca.org\/blog\/#\/schema\/logo\/image\/\",\"url\":\"https:\/\/guitarraflamenca.org\/blog\/wp-content\/uploads\/2025\/07\/condeparanoticia.webp\",\"contentUrl\":\"https:\/\/guitarraflamenca.org\/blog\/wp-content\/uploads\/2025\/07\/condeparanoticia.webp\",\"width\":696,\"height\":522,\"caption\":\"Guitarra Flamenca\"},\"image\":{\"@id\":\"https:\/\/guitarraflamenca.org\/blog\/#\/schema\/logo\/image\/\"}},{\"@type\":\"Person\",\"@id\":\"https:\/\/guitarraflamenca.org\/blog\/#\/schema\/person\/f9cfa57b9c6d3b78246f6019a8b8aece\",\"name\":\"Administrador\",\"image\":{\"@type\":\"ImageObject\",\"inLanguage\":\"es\",\"@id\":\"https:\/\/guitarraflamenca.org\/blog\/#\/schema\/person\/image\/\",\"url\":\"https:\/\/secure.gravatar.com\/avatar\/06d7cd01c7842e004ed52b7971d7c516debefd5c3d588e5be721da66a155a163?s=96&d=mm&r=g\",\"contentUrl\":\"https:\/\/secure.gravatar.com\/avatar\/06d7cd01c7842e004ed52b7971d7c516debefd5c3d588e5be721da66a155a163?s=96&d=mm&r=g\",\"caption\":\"Administrador\"},\"sameAs\":[\"https:\/\/guitarraflamenca.org\/blog\"],\"url\":\"https:\/\/guitarraflamenca.org\/blog\/author\/jsalesneurocirugia-com\/\"}]}<\/script>\n<!-- \/ Yoast SEO plugin. -->","yoast_head_json":{"title":"Si la guitarra no est\u00e1 afinada, no hay arte que valga. - Guitarra Flamenca","robots":{"index":"index","follow":"follow","max-snippet":"max-snippet:-1","max-image-preview":"max-image-preview:large","max-video-preview":"max-video-preview:-1"},"canonical":"https:\/\/guitarraflamenca.org\/blog\/2025\/07\/21\/si-la-guitarra-no-esta-afinada-no-hay-arte-que-valga\/","og_locale":"es_ES","og_type":"article","og_title":"Si la guitarra no est\u00e1 afinada, no hay arte que valga. - Guitarra Flamenca","og_description":"La afinaci\u00f3n no es un detalle t\u00e9cnico: es el alma de la guitarra. Puedes tener los dedos m\u00e1s r\u00e1pidos del mundo, pero si las cuerdas no est\u00e1n en su sitio, todo se convierte en ruido. Y en el flamenco, donde cada matiz, cada lamento, cada rasgueo lleva una emoci\u00f3n, una historia, una pena o una ... Leer m\u00e1s","og_url":"https:\/\/guitarraflamenca.org\/blog\/2025\/07\/21\/si-la-guitarra-no-esta-afinada-no-hay-arte-que-valga\/","og_site_name":"Guitarra Flamenca","article_published_time":"2025-07-21T04:40:19+00:00","article_modified_time":"2025-07-24T17:36:02+00:00","author":"Administrador","twitter_card":"summary_large_image","twitter_misc":{"Escrito por":"Administrador","Tiempo de lectura":"1 minuto"},"schema":{"@context":"https:\/\/schema.org","@graph":[{"@type":"Article","@id":"https:\/\/guitarraflamenca.org\/blog\/2025\/07\/21\/si-la-guitarra-no-esta-afinada-no-hay-arte-que-valga\/#article","isPartOf":{"@id":"https:\/\/guitarraflamenca.org\/blog\/2025\/07\/21\/si-la-guitarra-no-esta-afinada-no-hay-arte-que-valga\/"},"author":{"name":"Administrador","@id":"https:\/\/guitarraflamenca.org\/blog\/#\/schema\/person\/f9cfa57b9c6d3b78246f6019a8b8aece"},"headline":"Si la guitarra no est\u00e1 afinada, no hay arte que valga.","datePublished":"2025-07-21T04:40:19+00:00","dateModified":"2025-07-24T17:36:02+00:00","mainEntityOfPage":{"@id":"https:\/\/guitarraflamenca.org\/blog\/2025\/07\/21\/si-la-guitarra-no-esta-afinada-no-hay-arte-que-valga\/"},"wordCount":169,"commentCount":0,"publisher":{"@id":"https:\/\/guitarraflamenca.org\/blog\/#organization"},"articleSection":["Consejos"],"inLanguage":"es","potentialAction":[{"@type":"CommentAction","name":"Comment","target":["https:\/\/guitarraflamenca.org\/blog\/2025\/07\/21\/si-la-guitarra-no-esta-afinada-no-hay-arte-que-valga\/#respond"]}]},{"@type":"WebPage","@id":"https:\/\/guitarraflamenca.org\/blog\/2025\/07\/21\/si-la-guitarra-no-esta-afinada-no-hay-arte-que-valga\/","url":"https:\/\/guitarraflamenca.org\/blog\/2025\/07\/21\/si-la-guitarra-no-esta-afinada-no-hay-arte-que-valga\/","name":"Si la guitarra no est\u00e1 afinada, no hay arte que valga. - Guitarra Flamenca","isPartOf":{"@id":"https:\/\/guitarraflamenca.org\/blog\/#website"},"datePublished":"2025-07-21T04:40:19+00:00","dateModified":"2025-07-24T17:36:02+00:00","breadcrumb":{"@id":"https:\/\/guitarraflamenca.org\/blog\/2025\/07\/21\/si-la-guitarra-no-esta-afinada-no-hay-arte-que-valga\/#breadcrumb"},"inLanguage":"es","potentialAction":[{"@type":"ReadAction","target":["https:\/\/guitarraflamenca.org\/blog\/2025\/07\/21\/si-la-guitarra-no-esta-afinada-no-hay-arte-que-valga\/"]}]},{"@type":"BreadcrumbList","@id":"https:\/\/guitarraflamenca.org\/blog\/2025\/07\/21\/si-la-guitarra-no-esta-afinada-no-hay-arte-que-valga\/#breadcrumb","itemListElement":[{"@type":"ListItem","position":1,"name":"Portada","item":"https:\/\/guitarraflamenca.org\/blog\/"},{"@type":"ListItem","position":2,"name":"Si la guitarra no est\u00e1 afinada, no hay arte que valga."}]},{"@type":"WebSite","@id":"https:\/\/guitarraflamenca.org\/blog\/#website","url":"https:\/\/guitarraflamenca.org\/blog\/","name":"Guitarra Flamenca","description":"","publisher":{"@id":"https:\/\/guitarraflamenca.org\/blog\/#organization"},"potentialAction":[{"@type":"SearchAction","target":{"@type":"EntryPoint","urlTemplate":"https:\/\/guitarraflamenca.org\/blog\/?s={search_term_string}"},"query-input":{"@type":"PropertyValueSpecification","valueRequired":true,"valueName":"search_term_string"}}],"inLanguage":"es"},{"@type":"Organization","@id":"https:\/\/guitarraflamenca.org\/blog\/#organization","name":"Guitarra Flamenca","url":"https:\/\/guitarraflamenca.org\/blog\/","logo":{"@type":"ImageObject","inLanguage":"es","@id":"https:\/\/guitarraflamenca.org\/blog\/#\/schema\/logo\/image\/","url":"https:\/\/guitarraflamenca.org\/blog\/wp-content\/uploads\/2025\/07\/condeparanoticia.webp","contentUrl":"https:\/\/guitarraflamenca.org\/blog\/wp-content\/uploads\/2025\/07\/condeparanoticia.webp","width":696,"height":522,"caption":"Guitarra Flamenca"},"image":{"@id":"https:\/\/guitarraflamenca.org\/blog\/#\/schema\/logo\/image\/"}},{"@type":"Person","@id":"https:\/\/guitarraflamenca.org\/blog\/#\/schema\/person\/f9cfa57b9c6d3b78246f6019a8b8aece","name":"Administrador","image":{"@type":"ImageObject","inLanguage":"es","@id":"https:\/\/guitarraflamenca.org\/blog\/#\/schema\/person\/image\/","url":"https:\/\/secure.gravatar.com\/avatar\/06d7cd01c7842e004ed52b7971d7c516debefd5c3d588e5be721da66a155a163?s=96&d=mm&r=g","contentUrl":"https:\/\/secure.gravatar.com\/avatar\/06d7cd01c7842e004ed52b7971d7c516debefd5c3d588e5be721da66a155a163?s=96&d=mm&r=g","caption":"Administrador"},"sameAs":["https:\/\/guitarraflamenca.org\/blog"],"url":"https:\/\/guitarraflamenca.org\/blog\/author\/jsalesneurocirugia-com\/"}]}},"_links":{"self":[{"href":"https:\/\/guitarraflamenca.org\/blog\/wp-json\/wp\/v2\/posts\/19","targetHints":{"allow":["GET"]}}],"collection":[{"href":"https:\/\/guitarraflamenca.org\/blog\/wp-json\/wp\/v2\/posts"}],"about":[{"href":"https:\/\/guitarraflamenca.org\/blog\/wp-json\/wp\/v2\/types\/post"}],"author":[{"embeddable":true,"href":"https:\/\/guitarraflamenca.org\/blog\/wp-json\/wp\/v2\/users\/1"}],"replies":[{"embeddable":true,"href":"https:\/\/guitarraflamenca.org\/blog\/wp-json\/wp\/v2\/comments?post=19"}],"version-history":[{"count":2,"href":"https:\/\/guitarraflamenca.org\/blog\/wp-json\/wp\/v2\/posts\/19\/revisions"}],"predecessor-version":[{"id":22,"href":"https:\/\/guitarraflamenca.org\/blog\/wp-json\/wp\/v2\/posts\/19\/revisions\/22"}],"wp:attachment":[{"href":"https:\/\/guitarraflamenca.org\/blog\/wp-json\/wp\/v2\/media?parent=19"}],"wp:term":[{"taxonomy":"category","embeddable":true,"href":"https:\/\/guitarraflamenca.org\/blog\/wp-json\/wp\/v2\/categories?post=19"},{"taxonomy":"post_tag","embeddable":true,"href":"https:\/\/guitarraflamenca.org\/blog\/wp-json\/wp\/v2\/tags?post=19"}],"curies":[{"name":"wp","href":"https:\/\/api.w.org\/{rel}","templated":true}]}}